{"id":90599,"date":"2026-01-20T10:31:05","date_gmt":"2026-01-20T13:31:05","guid":{"rendered":"https:\/\/agusmolinares.com.ar\/wp-23\/?p=90599"},"modified":"2026-03-05T13:49:35","modified_gmt":"2026-03-05T16:49:35","slug":"associacao-dos-estudantes-de-medicina-do-rio","status":"publish","type":"post","link":"https:\/\/agusmolinares.com.ar\/wp-23\/2026\/01\/20\/associacao-dos-estudantes-de-medicina-do-rio\/","title":{"rendered":"Associa\u00e7\u00e3o dos Estudantes de Medicina do Rio Grande do Sul AEMED-RS"},"content":{"rendered":"<div id=\"toc\" style=\"background: #f9f9f9;border: 1px solid #aaa;display: table;margin-bottom: 1em;padding: 1em;width: 350px;\">\n<p class=\"toctitle\" style=\"font-weight: 700;text-align: center;\">Content<\/p>\n<ul class=\"toc_list\">\n<li><a href=\"#toc-5\">CFM debate qualidade e responsabilidades na forma\u00e7\u00e3o m\u00e9dica<\/a><\/li>\n<\/ul>\n<\/div>\n<p>Por sua vez, Faidiga, da ANMR, tra\u00e7ou um panorama da resid\u00eancia m\u00e9dica no Brasil, sublinhando que o pa\u00eds conta atualmente com 54 mil residentes, mais de 7.800 programas ativos e 75 mil vagas previstas para 2025. Tamb\u00e9m destacaram os riscos da publicidade m\u00e9dica irregular e a import\u00e2ncia da regula\u00e7\u00e3o para evitar abusos, proteger pacientes e garantir crit\u00e9rios claros para titula\u00e7\u00e3o profissional. Eles apresentaram dados sobre o crescimento de mais de 210% no n\u00famero de cursos de p\u00f3s-gradua\u00e7\u00e3o lato sensu entre 2010 e 2023 e enfatizaram que muitos t\u00edtulos comercializados no mercado n\u00e3o correspondem a especialidades reconhecidas pelo CFM. Neste dia,celebramos o orgulho de viver com autenticidade, de pensar e sentir diferente, e de lutar por uma sociedade mais emp\u00e1tica, inclusiva e justa para todas as neurodiverg\u00eancias.Autismo n\u00e3o \u00e9 defeito, \u00e9 diferen\u00e7a. Fa\u00e7a uma breve autoavalia\u00e7\u00e3o, anote o que precisa de aten\u00e7\u00e3o e escolha, com gentileza, um pequeno passo para cuidar melhor de si.<\/p>\n<ul>\n<li>Fundada em 2010 a Associa\u00e7\u00e3o dos Estudantes de Medicina (AEMED) \u00e9 uma associa\u00e7\u00e3o sem fins lucrativos que tem como objetivos representar os estudantes de medicina do Brasil em \u00e2mbito estadual, nacional e internacional.<\/li>\n<li>Maria Jos\u00e9 Maldonado estiveram em reuni\u00e3o com o prefeito de Campo Grande, MS, Marquinhos Trad e com o Secret\u00e1rio Municipal de Sa\u00fade Dr. Jos\u00e9 Mauro.Na ocasi\u00e3o foram entregues os of\u00edcios solicitando a vacina\u00e7\u00e3o contra a COVID-19 dos estudantes do 3\u00b0, 4\u00b0, 5\u00b0 e 6\u00b0 ano dos cursos de medicina da Capital Sul Mato-grossense.Al\u00e9m disso, frisou-se a urg\u00eancia desse processo de vacina\u00e7\u00e3o, visto que tais estudantes encontram-se em plenas atividades de seus est\u00e1gios pr\u00e1ticos.<\/li>\n<li>A justificativa seria a de que os m\u00e9dicos brasileiros n\u00e3o est\u00e3o dispostos a atender em locais remotos, vis\u00e3o refutada pela entidade; &#8211; um dos destaques aprovados no relat\u00f3rio, de autoria do deputado Alexandre Padilha (PT-SP), ainda permite a cria\u00e7\u00e3o de cons\u00f3rcios estaduais e municipais para realizar diretamente contrata\u00e7\u00f5es do M\u00e9dicos pelo Brasil, precarizando mais uma vez o sistema de contrata\u00e7\u00e3o.<\/li>\n<\/ul>\n<p>No segundo evento, os acade\u0302micos associados participaram de uma aula sobre e\u0301tica me\u0301dica e tiveram a ine\u0301dita oportunidade de participar, ao vivo, de um julgamento simulado na pro\u0301pria sede do CRM-DF, juntamente com os seus diretores. Nesta gesta\u0303o, realizamos a I Jornada EmpreenMED, que abordou o empreendedorismo na Medicina, sendo que os alunos tiveram a oportunidade de conhecer e debater sobre o tema. O primeiro e\u0301 a principal atividade da diretoria, pois aborda a tema\u0301tica de atenc\u0327a\u0303o a\u0300 populac\u0327a\u0303o LGBTQIA+ em como fazer seu manejo, ale\u0301m de refletir sobre os Determinantes Sociais de Sau\u0301de, algo que na\u0303o e\u0301 visto durante o curso acade\u0302mico e e\u0301 uma realidade no cotidiano dos me\u0301dicos. Atualmente, possui\u0301mos dois congressos anuais, o Congresso Brasiliense Online de Atenc\u0327a\u0303o Me\u0301dica a\u0300 Populac\u0327a\u0303o LGBTQIA+ e o Congresso Interligas.<\/p>\n<p>\u00c9 sobre presen\u00e7a.Voc\u00ea est\u00e1 vivendo ou apenas sobrevivendo? \u2800Aproveite esse marco para uma pausa consciente.N\u00e3o \u00e9 sobre performance. &amp;#129658;As aulas recome\u00e7am, e com elas, a jornada de se tornar m\u00e9dico(a) ganha mais um cap\u00edtulo. &amp;#128226; Em parceria com a AEMED-GO, a Sociedade Brasileira de Cardiologia convida todos os acad\u00eamicos de Medicina do estado de Goi\u00e1s a participarem do # # Congresso Goiano de Cardiologia! Por isso, cuide-se, observe-se e realize seus exames regularmente.Neste , a AEMED-GO se une \u00e0 campanha mundial para promover conscientiza\u00e7\u00e3o, informa\u00e7\u00e3o e apoio. &amp;#128149;O c\u00e2ncer de mama \u00e9 o tipo mais comum entre as mulheres no Brasil e no mundo \u2014 mas quando diagnosticado precocemente, as chances de cura podem ultrapassar 90%.O autoexame \u00e9 um ato de autoconhecimento, mas n\u00e3o substitui a mamografia e o acompanhamento m\u00e9dico.<\/p>\n<p>Preceptora do Programa de Resid\u00eancia M\u00e9dica em Pediatria no HMIB.M\u00e9dica Pediatra com \u00e1rea de atua\u00e7\u00e3o no Banco de leite do HMIB, com certifica\u00e7\u00e3o internacional pelo IBCL.Presidente do Departamento Cient\u00edfico de Aleitamento Materno da Sociedade de Pediatria do Distrito Federal (SPDF).Membro do Departamento Cient\u00edfico de Aleitamento Materno da Sociedade Brasileira de Pediatria. Al\u00e9m disso, realizou est\u00e1gios na \u00e1rea de obstetr\u00edcia e cl\u00ednica m\u00e9dica, complementando sua forma\u00e7\u00e3o e experi\u00eancia profissional. A profissional possui ampla experi\u00eancia na \u00e1rea de Ginecologia e Obstetr\u00edcia, atuando como s\u00f3cia em consult\u00f3rios particulares e como m\u00e9dica plantonista em diversos hospitais e institui\u00e7\u00f5es de sa\u00fade, tanto p\u00fablicos quanto privados. O Congresso Brasiliense de Racioc\u00ednio Cl\u00ednico (CBRAC) \u00e9 um evento regional realizado pela Associa\u00e7\u00e3o dos Estudantes de Medicina do Distrito Federal (AEMED-DF) visando fomentar assuntos importantes acerca dos principais assuntos debatidos na atualidade sobre a sa\u00fade na Capital Federal.<\/p>\n<p>J\u00e1 os estudantes Julio Veras e Isabella Godoi, por sua vez, abordaram a p\u00f3s-gradua\u00e7\u00e3o m\u00e9dica e os riscos associados \u00e0 prolifera\u00e7\u00e3o de cursos lato sensu que utilizam indevidamente o termo \u201cespecializa\u00e7\u00e3o\u201d. \u27a1\ufe0f Deslize o carrossel e descubra como cuidar da sua sa\u00fade mental nas f\u00e9rias.&amp;#128204; Salve e compartilhe com quem tamb\u00e9m est\u00e1 precisando respirar um pouco. A AEMED-GO deseja a todos os estudantes uma volta cheia de prop\u00f3sito, coragem e inspira\u00e7\u00e3o.\u2800&amp;#128218; Vamos juntos construir um futuro com mais sa\u00fade, empatia e compromisso! &amp;#128270; A escolha pela Medicina nunca \u00e9 por acaso.Cada futuro m\u00e9dico ou m\u00e9dica carrega consigo uma hist\u00f3ria, um sonho e um motivo especial que impulsionou essa decis\u00e3o. Porque sa\u00fade tamb\u00e9m \u00e9 sobre amor, cuidado e preven\u00e7\u00e3o.<\/p>\n<p>O m\u00e9dico n\u00e3o cura o homem em abstrato, mas o homem na realidade, o homem singular. A AEMED-ES reconhece que para compreender a sa\u00fade \u00e9 necess\u00e1rio estudar o ser humano por meio das diversas \u00e1reas das humanidades, objetivando enxergar o paciente diante de amplas perspectivas. A empresa foi estabelecida em 04 de Dezembro de 2013. A AEMED-PB tamb\u00e9m convidou o SIMED-PB para participar do Simp\u00f3sio dos Estudantes, no dia 06 de abril, na sede do CRM-PB. O presidente do Sindicato dos M\u00e9dicos da Para\u00edba (SIMED-PB), Dr. Tarc\u00edsio Campos, recebeu a nova diretoria da Associa\u00e7\u00e3o dos Estudantes de Medicina da Para\u00edba (AEMED-PB).<\/p>\n<h2 id=\"toc-0\">Atividades Secund\u00e1rias:<\/h2>\n<p>Para a Associa\u00e7\u00e3o dos Estudantes, o espa\u00e7o do Conselho\u00a0\u201crefor\u00e7a o compromisso com a \u00e9tica, a forma\u00e7\u00e3o de qualidade e os desafios da sa\u00fade no Brasil\u201d. A abertura do Congresso tamb\u00e9m contou <a href=\"https:\/\/aemedbr.com\/\">aemedbr<\/a> com a presen\u00e7a do presidente da AEMED \u2013 BR, Gabriel Sanchez Okida, e da presidente do Conselho Regional de Medicina do DF, L\u00eddia Vanessa Pinheiro. \u201cOlhem para os conselhos de medicina como grandes aliados da boa pr\u00e1tica m\u00e9dica\u201d. Orienta os estudantes a se relacionarem de maneira respeitosa e a respeitarem a atua\u00e7\u00e3o de cada profissional da sa\u00fade.<\/p>\n<h3 id=\"toc-1\">Associacao Dos Estudantes De Medicina Do Brasil CNPJ 24.088.735\/0001-87<\/h3>\n<p>Proporcionar o interc\u00e2mbio de est\u00e1gios, jornadas, eventos acad\u00eamicos e sociais entre as universidades do Estado do Mato Grosso do Sul. A Associa\u00e7\u00e3o dos Estudantes de Medicina do Mato Grosso do Sul (AEMED-MS) tem como principais objetivos o enriquecimento e aprimoramento da forma\u00e7\u00e3o m\u00e9dica no \u00e2mbito cient\u00edfico, cultural, pol\u00edtico e social. Os representantes da IFMSA Brazil explicaram a diferen\u00e7a entre p\u00f3s-gradua\u00e7\u00e3o acad\u00eamica e forma\u00e7\u00e3o especializada, refor\u00e7ando o papel do RQE como o \u00fanico documento que autoriza um m\u00e9dico a se apresentar como especialista.<\/p>\n<h3 id=\"toc-2\">Delegado do Conselho Regional de Medicina desde 2015<\/h3>\n<p>O participante inscrito no congresso poder\u00e1 se inscrever no curso que mais se interessar sem custo adicional. Ser\u00e3o ofertados 3 (tr\u00eas) op\u00e7\u00f5es de minicursos pr\u00e9-congresso no dia 14 de mar\u00e7o na Sede da. M\u00e9dica, Pediatra e Gastroenterologista Pedi\u00e1trica da Secretaria de Sa\u00fade do DF &#8211; desde agosto de 2001, atualmente trabalha como m\u00e9dica Gastroenterologista Pedi\u00e1trica no Hospital da Crian\u00e7a de Bras\u00edlia Jos\u00e9 de Alencar.<\/p>\n<p>A primeira a\u00e7\u00e3o conjunta prevista \u00e9 a cria\u00e7\u00e3o de uma comiss\u00e3o mista, formada por representantes das duas institui\u00e7\u00f5es, com o objetivo de avaliar o funcionamento das escolas m\u00e9dicas goianas e propor melhorias nas condi\u00e7\u00f5es de ensino. Durante o encontro com o presidente Rafael Martinez, foram discutidas iniciativas voltadas \u00e0 defesa da qualidade da forma\u00e7\u00e3o m\u00e9dica, pauta que tem recebido aten\u00e7\u00e3o constante do Cremego. O Cremego recebeu, no dia 28, a visita do acad\u00eamico de medicina Matheus Fraga Rosa, presidente da regional goiana da Associa\u00e7\u00e3o dos Estudantes de Medicina do Brasil (AeMed), e do vice-presidente Gabriel Duarte. No dia 27 de Setembro aconteceu a posse dos novos membros acad\u00eamicos e do presidente da Academia de Medicina de Mato Grosso do Sul. \u201cVER\u00c1S QUE UM FILHO TEU N\u00c3O FOGE \u00c0 LUTA\u201dTendo em vista a convoca\u00e7\u00e3o, que ocorrer\u00e1 em breve, a AEMED-BR estabeleceu um grupo de trabalho para o enfrentamento do COVID-19 pelos acad\u00eamicos de medicina. Integrar todas as escolas m\u00e9dicas do Brasil, em busca de uma forma\u00e7\u00e3o m\u00e9dica de qualidade.<\/p>\n<p>Para a classe m\u00e9dica, o segredo \u00e9 algo que n\u00e3o se pode dissociar do exerc\u00edcio da sua profiss\u00e3o. \u201cA prote\u00e7\u00e3o de todas as informa\u00e7\u00f5es que chegam ao conhecimento do profissional \u00e9 parte fundamental da pr\u00e1tica m\u00e9dica. A previs\u00e3o \u00e9 de que a partir de setembro o novo C\u00f3digo de \u00c9tica do Estudante de Medicina seja encaminhado para as mais de 320 escolas em atividade em todo o Pa\u00eds.<\/p>\n<p>Em caso de d\u00favidas, envie um e-mail para IFMSA &#8211; Federa\u00e7\u00e3o Internacional das Associa\u00e7\u00f5es dos Estudantes de Medicina do Brasil A Associa\u00e7\u00e3o Brasileira de Psiquiatria &#8211; ABP, possui um excelente hist\u00f3rico de lutas e conquistas em favor da especialidade, do m\u00e9dico psiquiatra e dos pacientes psiqui\u00e1tricos no pa\u00eds. A Vice-Presidente da AEMED \u2013 DF, Gabriella Gomes de Vilhena Toledo, e a Secret\u00e1ria Geral, Hyale Melo Lima, reafirmaram a parceria.<\/p>\n","protected":false},"excerpt":{"rendered":"<p>Content CFM debate qualidade e responsabilidades na forma\u00e7\u00e3o m\u00e9dica Por sua vez, Faidiga, da ANMR, tra\u00e7ou um panorama da resid\u00eancia [&hellip;]<\/p>\n","protected":false},"author":1,"featured_media":0,"comment_status":"open","ping_status":"open","sticky":false,"template":"","format":"standard","meta":{"site-sidebar-layout":"default","site-content-layout":"","ast-site-content-layout":"default","site-content-style":"default","site-sidebar-style":"default","ast-global-header-display":"","ast-banner-title-visibility":"","ast-main-header-display":"","ast-hfb-above-header-display":"","ast-hfb-below-header-display":"","ast-hfb-mobile-header-display":"","site-post-title":"","ast-breadcrumbs-content":"","ast-featured-img":"","footer-sml-layout":"","theme-transparent-header-meta":"","adv-header-id-meta":"","stick-header-meta":"","header-above-stick-meta":"","header-main-stick-meta":"","header-below-stick-meta":"","astra-migrate-meta-layouts":"default","ast-page-background-enabled":"default","ast-page-background-meta":{"desktop":{"background-color":"var(--ast-global-color-5)","background-image":"","background-repeat":"repeat","background-position":"center center","background-size":"auto","background-attachment":"scroll","background-type":"","background-media":"","overlay-type":"","overlay-color":"","overlay-opacity":"","overlay-gradient":""},"tablet":{"background-color":"","background-image":"","background-repeat":"repeat","background-position":"center center","background-size":"auto","background-attachment":"scroll","background-type":"","background-media":"","overlay-type":"","overlay-color":"","overlay-opacity":"","overlay-gradient":""},"mobile":{"background-color":"","background-image":"","background-repeat":"repeat","background-position":"center center","background-size":"auto","background-attachment":"scroll","background-type":"","background-media":"","overlay-type":"","overlay-color":"","overlay-opacity":"","overlay-gradient":""}},"ast-content-background-meta":{"desktop":{"background-color":"var(--ast-global-color-4)","background-image":"","background-repeat":"repeat","background-position":"center center","background-size":"auto","background-attachment":"scroll","background-type":"","background-media":"","overlay-type":"","overlay-color":"","overlay-opacity":"","overlay-gradient":""},"tablet":{"background-color":"var(--ast-global-color-4)","background-image":"","background-repeat":"repeat","background-position":"center center","background-size":"auto","background-attachment":"scroll","background-type":"","background-media":"","overlay-type":"","overlay-color":"","overlay-opacity":"","overlay-gradient":""},"mobile":{"background-color":"var(--ast-global-color-4)","background-image":"","background-repeat":"repeat","background-position":"center center","background-size":"auto","background-attachment":"scroll","background-type":"","background-media":"","overlay-type":"","overlay-color":"","overlay-opacity":"","overlay-gradient":""}},"footnotes":""},"categories":[202],"tags":[],"class_list":["post-90599","post","type-post","status-publish","format-standard","hentry","category-aemedbr-com"],"_links":{"self":[{"href":"https:\/\/agusmolinares.com.ar\/wp-23\/wp-json\/wp\/v2\/posts\/90599","targetHints":{"allow":["GET"]}}],"collection":[{"href":"https:\/\/agusmolinares.com.ar\/wp-23\/wp-json\/wp\/v2\/posts"}],"about":[{"href":"https:\/\/agusmolinares.com.ar\/wp-23\/wp-json\/wp\/v2\/types\/post"}],"author":[{"embeddable":true,"href":"https:\/\/agusmolinares.com.ar\/wp-23\/wp-json\/wp\/v2\/users\/1"}],"replies":[{"embeddable":true,"href":"https:\/\/agusmolinares.com.ar\/wp-23\/wp-json\/wp\/v2\/comments?post=90599"}],"version-history":[{"count":1,"href":"https:\/\/agusmolinares.com.ar\/wp-23\/wp-json\/wp\/v2\/posts\/90599\/revisions"}],"predecessor-version":[{"id":90600,"href":"https:\/\/agusmolinares.com.ar\/wp-23\/wp-json\/wp\/v2\/posts\/90599\/revisions\/90600"}],"wp:attachment":[{"href":"https:\/\/agusmolinares.com.ar\/wp-23\/wp-json\/wp\/v2\/media?parent=90599"}],"wp:term":[{"taxonomy":"category","embeddable":true,"href":"https:\/\/agusmolinares.com.ar\/wp-23\/wp-json\/wp\/v2\/categories?post=90599"},{"taxonomy":"post_tag","embeddable":true,"href":"https:\/\/agusmolinares.com.ar\/wp-23\/wp-json\/wp\/v2\/tags?post=90599"}],"curies":[{"name":"wp","href":"https:\/\/api.w.org\/{rel}","templated":true}]}}